{"id":31849,"date":"2020-09-04T13:35:58","date_gmt":"2020-09-04T11:35:58","guid":{"rendered":"https:\/\/lahde.gtk.fi\/?p=31849"},"modified":"2020-09-04T13:35:58","modified_gmt":"2020-09-04T11:35:58","slug":"siilinjarven-kunnassa-sijaitsevilla-harjamaki-kasurilan-ja-jalanniemen-pohjavesialueilla-tehdaan-vuosien-2020-2021-aikana-tarkentavia-tutkimuksia-pohjavesialueiden-rajausten-tarkentamiseksi","status":"publish","type":"post","link":"https:\/\/lahde.gtk.fi\/?p=31849","title":{"rendered":"SIILINJ\u00c4RVEN KUNNASSA SIJAITSEVILLA HARJAM\u00c4KI-KASURILAN JA J\u00c4L\u00c4NNIEMEN POHJAVESIALUEILLA TEHD\u00c4\u00c4N VUOSIEN 2020-2021 AIKANA TARKENTAVIA TUTKIMUKSIA POHJAVESIALUEIDEN RAJAUSTEN TARKENTAMISEKSI"},"content":{"rendered":"<div class=\"fusion-fullwidth fullwidth-box fusion-builder-row-1 fusion-flex-container nonhundred-percent-fullwidth non-hundred-percent-height-scrolling\" style=\"--awb-border-radius-top-left:0px;--awb-border-radius-top-right:0px;--awb-border-radius-bottom-right:0px;--awb-border-radius-bottom-left:0px;--awb-flex-wrap:wrap;\" ><div class=\"fusion-builder-row fusion-row fusion-flex-align-items-flex-start fusion-flex-content-wrap\" style=\"max-width:1872px;margin-left: calc(-4% \/ 2 );margin-right: calc(-4% \/ 2 );\"><div class=\"fusion-layout-column fusion_builder_column fusion-builder-column-0 fusion_builder_column_1_2 1_2 fusion-flex-column\" style=\"--awb-bg-size:cover;--awb-width-large:50%;--awb-margin-top-large:0px;--awb-spacing-right-large:3.84%;--awb-margin-bottom-large:20px;--awb-spacing-left-large:3.84%;--awb-width-medium:100%;--awb-order-medium:0;--awb-spacing-right-medium:1.92%;--awb-spacing-left-medium:1.92%;--awb-width-small:100%;--awb-order-small:0;--awb-spacing-right-small:1.92%;--awb-spacing-left-small:1.92%;\"><div class=\"fusion-column-wrapper fusion-column-has-shadow fusion-flex-justify-content-flex-start fusion-content-layout-column\"><div class=\"fusion-text fusion-text-1\"><p>Harjam\u00e4ki-Kasurilan pohjavesialue on osa laajaa ja yhten\u00e4ist\u00e4 pitkitt\u00e4isharjujaksoa, jota voidaan seurata Outokummun alueelta Tuusniemen ja Riistaveden kautta Siilinj\u00e4rvelle ja Maaningalle. Siilinj\u00e4rven ja Maaningan alueella harjujaksoa edustaa it\u00e4-l\u00e4nsi suuntainen l\u00e4hes 13 km pitk\u00e4 ja 1\u20132 km leve\u00e4 massiivinen harjumuodostuma.<\/p>\n<p>Harjam\u00e4ki-Kasurilan pohjavesialueella toteutettiin vuosien 2014 &#8211; 2016 aikana mittava pohjavesialueen geologinen rakennetutkimus ja pohjavesien matemaattinen virtausmallinnus. Tutkimukset ulottuivat kaakkoon J\u00e4l\u00e4n pohjavesialueelle asti. Sek\u00e4 tutkimusalueen laajuudesta ett\u00e4 erityisesti tuolloin k\u00e4ytett\u00e4viss\u00e4 olleiden resurssien rajallisuudesta johtuen ei pohjavesialueen rajauksista saatu kuitenkaan kaikilta osin riitt\u00e4v\u00e4n tarkkaa kuvaa.<\/p>\n<p>Nyt alkaneen projektin yhteydess\u00e4 mainituilla pohjavesialueilla tehd\u00e4\u00e4n tarkentavia ja t\u00e4ydent\u00e4vi\u00e4 tutkimuksia, joiden tuloksena saadaan tarkennettua vesienhoitolakiin (1299\/2004) perustuvia pohjavesialueiden rajausperusteita. Tutkimuksissa k\u00e4ytet\u00e4\u00e4n raskaita ja kevyit\u00e4 maaper\u00e4kairauksia, maatutkaluotauksia sek\u00e4 otetaan maa- ja pohjavesin\u00e4ytteit\u00e4. Raskaiden kairausten yhteydess\u00e4 alueelle asennetaan my\u00f6s uusia pohjavesiputkia. My\u00f6s alueen painovoimittausverkostoa t\u00e4ydennet\u00e4\u00e4n. Tutkimukset tulevat kohdistumaan karkeasti ottaen nelj\u00e4lle erilliselle alueelle: Ratapiha-alue, J\u00e4l\u00e4 &#8211; Huson v\u00e4linen alue, golfkent\u00e4n seutu sek\u00e4 Harjam\u00e4en suunta.<\/p>\n<\/div><\/div><\/div><div class=\"fusion-layout-column fusion_builder_column fusion-builder-column-1 fusion_builder_column_1_2 1_2 fusion-flex-column\" style=\"--awb-bg-size:cover;--awb-width-large:50%;--awb-margin-top-large:0px;--awb-spacing-right-large:3.84%;--awb-margin-bottom-large:20px;--awb-spacing-left-large:3.84%;--awb-width-medium:100%;--awb-order-medium:0;--awb-spacing-right-medium:1.92%;--awb-spacing-left-medium:1.92%;--awb-width-small:100%;--awb-order-small:0;--awb-spacing-right-small:1.92%;--awb-spacing-left-small:1.92%;\"><div class=\"fusion-column-wrapper fusion-column-has-shadow fusion-flex-justify-content-flex-start fusion-content-layout-column\"><div class=\"fusion-text fusion-text-2\"><p>Tutkimus toteutetaan yhteisty\u00f6projektina ja rahoitetaan projektiin osallistuvien tahojen kesken. Projektiin osallistuvat Siilinj\u00e4rven kunta, Kuopion Vesi Oy, Pohjois-Savon ELY-keskus, V\u00e4yl\u00e4virasto sek\u00e4 Geologian tutkimuskeskus (GTK). Ty\u00f6 toteutetaan vuosien 2020 &#8211; 2021 aikana siten, ett\u00e4 tarkennettu hydrogeologinen rakennemalli tutkituilta alueilta rajausp\u00e4ivitysten pohjaksi valmistuu vuoden 2021 loppuun menness\u00e4. Tutkimuksiin sis\u00e4ltyy kaksi kentt\u00e4ty\u00f6kautta mutta tutkimusten p\u00e4\u00e4paino tulee olemaan kentt\u00e4kaudessa 2021.<\/p>\n<p>Maastotutkimukset k\u00e4ynnistyv\u00e4t syksyll\u00e4 2020 ja tutkimusalueiden maanomistajiin tullaan ottamaan yhteytt\u00e4 ennen kentt\u00e4tutkimusten alkua. Vuoden 2020 aikana tekniset tutkimukset kohdistuvat p\u00e4\u00e4asiassa Huson-J\u00e4l\u00e4n alueelle.<\/p>\n<p><strong>Lis\u00e4tiedot:<\/strong><\/p>\n<p>Jari Hyv\u00e4rinen, Geologian tutkimuskeskus, <a href=\"mailto:jari.hyvarinen@gtk.fi\">jari.hyvarinen@gtk.fi<\/a>, \u00a0p. 029\u00a0503 3406,<\/p>\n<p>Jussi Aalto, Pohjois-Savon ELY-keskus, <a href=\"mailto:jussi.aalto@ely-keskus.fi\">jussi.aalto@ely-keskus.fi<\/a>, p. 029\u00a0502 6776<\/p>\n<p>Ari Kainulainen, Siilinj\u00e4rven kunta, <a href=\"mailto:ari.kainulainen@siilinjarvi.fi\">ari.kainulainen@siilinjarvi.fi<\/a>, p. 044\u00a0740 1501<\/p>\n<p>Kuopion Vesi Oy, Kirsi T\u00e4hti, <a href=\"mailto:kirsi.tahti@kuopionvesi.fi\">kirsi.tahti@kuopionvesi.fi<\/a>, p.044 718 5322<\/p>\n<p>V\u00e4yl\u00e4virasto, Soile Knuuti, <a href=\"mailto:soile.knuuti@vayla.fi\">soile.knuuti@vayla.fi<\/a>, p. 029\u00a0534 3978<\/p>\n<\/div><\/div><\/div><\/div><\/div>\n","protected":false},"excerpt":{"rendered":"","protected":false},"author":3,"featured_media":31851,"comment_status":"closed","ping_status":"closed","sticky":false,"template":"","format":"standard","meta":{"_relevanssi_hide_post":"","_relevanssi_hide_content":"","_relevanssi_pin_for_all":"","_relevanssi_pin_keywords":"","_relevanssi_unpin_keywords":"","_relevanssi_related_keywords":"","_relevanssi_related_include_ids":"","_relevanssi_related_exclude_ids":"","_relevanssi_related_no_append":"","_relevanssi_related_not_related":"","_relevanssi_related_posts":"","_relevanssi_noindex_reason":"","footnotes":""},"categories":[9,4],"tags":[],"class_list":["post-31849","post","type-post","status-publish","format-standard","has-post-thumbnail","hentry","category-2020-2","category-ajankohtaista"],"_links":{"self":[{"href":"https:\/\/lahde.gtk.fi\/index.php?rest_route=\/wp\/v2\/posts\/31849","targetHints":{"allow":["GET"]}}],"collection":[{"href":"https:\/\/lahde.gtk.fi\/index.php?rest_route=\/wp\/v2\/posts"}],"about":[{"href":"https:\/\/lahde.gtk.fi\/index.php?rest_route=\/wp\/v2\/types\/post"}],"author":[{"embeddable":true,"href":"https:\/\/lahde.gtk.fi\/index.php?rest_route=\/wp\/v2\/users\/3"}],"replies":[{"embeddable":true,"href":"https:\/\/lahde.gtk.fi\/index.php?rest_route=%2Fwp%2Fv2%2Fcomments&post=31849"}],"version-history":[{"count":3,"href":"https:\/\/lahde.gtk.fi\/index.php?rest_route=\/wp\/v2\/posts\/31849\/revisions"}],"predecessor-version":[{"id":31853,"href":"https:\/\/lahde.gtk.fi\/index.php?rest_route=\/wp\/v2\/posts\/31849\/revisions\/31853"}],"wp:featuredmedia":[{"embeddable":true,"href":"https:\/\/lahde.gtk.fi\/index.php?rest_route=\/wp\/v2\/media\/31851"}],"wp:attachment":[{"href":"https:\/\/lahde.gtk.fi\/index.php?rest_route=%2Fwp%2Fv2%2Fmedia&parent=31849"}],"wp:term":[{"taxonomy":"category","embeddable":true,"href":"https:\/\/lahde.gtk.fi\/index.php?rest_route=%2Fwp%2Fv2%2Fcategories&post=31849"},{"taxonomy":"post_tag","embeddable":true,"href":"https:\/\/lahde.gtk.fi\/index.php?rest_route=%2Fwp%2Fv2%2Ftags&post=31849"}],"curies":[{"name":"wp","href":"https:\/\/api.w.org\/{rel}","templated":true}]}}