{"id":31962,"date":"2021-08-24T08:14:57","date_gmt":"2021-08-24T06:14:57","guid":{"rendered":"https:\/\/lahde.gtk.fi\/?p=31962"},"modified":"2021-08-24T08:24:43","modified_gmt":"2021-08-24T06:24:43","slug":"utredning-av-den-geologiska-strukturen-pa-kaurajarvi-grundvattenomrade-i-vora","status":"publish","type":"post","link":"https:\/\/lahde.gtk.fi\/?p=31962","title":{"rendered":"Utredning av den geologiska strukturen p\u00e5 Kauraj\u00e4rvi grundvattenomr\u00e5de i V\u00f6r\u00e5"},"content":{"rendered":"<p><div class=\"fusion-fullwidth fullwidth-box fusion-builder-row-1 fusion-flex-container nonhundred-percent-fullwidth non-hundred-percent-height-scrolling\" style=\"--awb-border-radius-top-left:0px;--awb-border-radius-top-right:0px;--awb-border-radius-bottom-right:0px;--awb-border-radius-bottom-left:0px;--awb-flex-wrap:wrap;\" ><div class=\"fusion-builder-row fusion-row fusion-flex-align-items-flex-start fusion-flex-content-wrap\" style=\"max-width:1872px;margin-left: calc(-4% \/ 2 );margin-right: calc(-4% \/ 2 );\"><\/div><\/div><div class=\"fusion-fullwidth fullwidth-box fusion-builder-row-2 fusion-flex-container nonhundred-percent-fullwidth non-hundred-percent-height-scrolling\" style=\"--awb-border-radius-top-left:0px;--awb-border-radius-top-right:0px;--awb-border-radius-bottom-right:0px;--awb-border-radius-bottom-left:0px;--awb-flex-wrap:wrap;\" ><div class=\"fusion-builder-row fusion-row fusion-flex-align-items-flex-start fusion-flex-content-wrap\" style=\"max-width:1872px;margin-left: calc(-4% \/ 2 );margin-right: calc(-4% \/ 2 );\"><div class=\"fusion-layout-column fusion_builder_column fusion-builder-column-0 fusion_builder_column_1_1 1_1 fusion-flex-column\" style=\"--awb-bg-size:cover;--awb-width-large:100%;--awb-margin-top-large:0px;--awb-spacing-right-large:1.92%;--awb-margin-bottom-large:20px;--awb-spacing-left-large:1.92%;--awb-width-medium:100%;--awb-order-medium:0;--awb-spacing-right-medium:1.92%;--awb-spacing-left-medium:1.92%;--awb-width-small:100%;--awb-order-small:0;--awb-spacing-right-small:1.92%;--awb-spacing-left-small:1.92%;\"><div class=\"fusion-column-wrapper fusion-column-has-shadow fusion-flex-justify-content-flex-start fusion-content-layout-column\"><div class=\"fusion-text fusion-text-1\"><p>Kauraj\u00e4rvi grundvattenomr\u00e5des geologiska struktur utreds under \u00e5ren 2021-2022 i ett projekt finansierat av Geologiska forskningscentralen, NTM-centralen i S\u00f6dra \u00d6sterbotten och V\u00f6r\u00e5 kommun.<\/p>\n<p>Den till\u00e4ggsinformation som f\u00e5s genom unders\u00f6kning av grundvattenomr\u00e5den tj\u00e4nar planeringen av markanv\u00e4ndningen, s\u00e4krar n\u00e4ringslivets verksamhetsf\u00f6ruts\u00e4ttningar, s\u00e4krar vattenf\u00f6rs\u00f6rjningen samt fr\u00e4mjar grundvattenskyddet.<\/p>\n<p>Unders\u00f6kningarna startat i augusti med markradarsonderingar. Markradarsonderingar g\u00f6rs genom att dra GTK:s utrustning efter en terr\u00e4ngbil l\u00e4ngs v\u00e4gar och skogsv\u00e4gar.<\/p>\n<p>Markborrningar och installation av grundvattenr\u00f6r g\u00f6rs p\u00e5 h\u00f6sten, under tiden september-oktober. Markborrningar utf\u00f6rs av entrepren\u00f6r, Mitta Oy, som vunnit offert i upphandling. P\u00e5 unders\u00f6kningsomr\u00e5det g\u00f6rs borrningar till berggrunden vid 14 punkter, totalt ca 350 m. P\u00e5 senh\u00f6sten, efter genomf\u00f6rda borrningsarbeten, g\u00f6rs tyngdkraftsm\u00e4tningar. Tyngdkraftsm\u00e4tningarna g\u00f6rs p\u00e5 totalt ca 27 km, p\u00e5 36 m\u00e4tningslinjer. Under m\u00e4tningarna r\u00f6r sig en m\u00e4tningsgrupp p\u00e5 tv\u00e5 eller tre personer till fots i terr\u00e4ngen.<\/p>\n<p>L\u00e4tta slagborrningar utf\u00f6rs med GTK:s GM50 borrmaskin under tiden oktober-december. L\u00e4tta slagborrningar underl\u00e4ttar analyseringen av markradarsonderingarnas resultat, trots att de inte str\u00e4cker sig \u00e4nda till berggrunden.<\/p>\n<p>V\u00f6r\u00e5 kommun kommer att beg\u00e4ra mark\u00e4garnas tillst\u00e5nd till alla markborrningar och tyngdkraftsm\u00e4tningslinjer som g\u00e5r \u00f6ver jordbruksmark. Unders\u00f6kningarna utf\u00f6rs och markborrningarna placeras s\u00e5 att de inte st\u00f6r jordbruket. Unders\u00f6kningsplanen kan ocks\u00e5 revideras vid behov.<\/p>\n<p>Projektets rapport blir f\u00e4rdig i slutet av mars 2022 och publiceras p\u00e5 GTK:s <a href=\"https:\/\/hakku.gtk.fi\/\">Hakku &#8211;<\/a> och <a href=\"https:\/\/lahde.gtk.fi\/\">L\u00e4hde -tj\u00e4nster<\/a> p\u00e5 Internet. P\u00e5 tj\u00e4nsterna kan redan nu hittas exempel p\u00e5 strukturunders\u00f6kningsrapporter som gjorts p\u00e5 andra omr\u00e5den.<\/p>\n<p>Till\u00e4ggsuppgifter om unders\u00f6kningarna<\/p>\n<p>Tiina Kaipainen, Geologiska forskningscentralen, <a href=\"mailto:tiina.kaipainen@gtk.fi\">tiina.kaipainen@gtk.fi<\/a><\/p>\n<p>Krister Dalhem, NTM-centralen i S\u00f6dra \u00d6sterbotten, <a href=\"mailto:krister.dalhem@ely-keskus.fi\">krister.dalhem@ely-keskus.fi<\/a><\/p>\n<p style=\"text-align: left;\">Kenneth Engstr\u00f6m, V\u00f6r\u00e5 kommun och vattentj\u00e4nstverket, <a href=\"mailto:kenneth.engstrom@vora.fi\">kenneth.engstrom@vora.fi<\/a><\/p>\n<p>Foto: J.Davidila, GTK.<\/p>\n<\/div><\/div><\/div><\/div><\/div><\/p>\n","protected":false},"excerpt":{"rendered":"","protected":false},"author":3,"featured_media":31963,"comment_status":"closed","ping_status":"closed","sticky":false,"template":"","format":"standard","meta":{"_relevanssi_hide_post":"","_relevanssi_hide_content":"","_relevanssi_pin_for_all":"","_relevanssi_pin_keywords":"","_relevanssi_unpin_keywords":"","_relevanssi_related_keywords":"","_relevanssi_related_include_ids":"","_relevanssi_related_exclude_ids":"","_relevanssi_related_no_append":"","_relevanssi_related_not_related":"","_relevanssi_related_posts":"","_relevanssi_noindex_reason":"","footnotes":""},"categories":[10,4],"tags":[],"class_list":["post-31962","post","type-post","status-publish","format-standard","has-post-thumbnail","hentry","category-10","category-ajankohtaista"],"_links":{"self":[{"href":"https:\/\/lahde.gtk.fi\/index.php?rest_route=\/wp\/v2\/posts\/31962","targetHints":{"allow":["GET"]}}],"collection":[{"href":"https:\/\/lahde.gtk.fi\/index.php?rest_route=\/wp\/v2\/posts"}],"about":[{"href":"https:\/\/lahde.gtk.fi\/index.php?rest_route=\/wp\/v2\/types\/post"}],"author":[{"embeddable":true,"href":"https:\/\/lahde.gtk.fi\/index.php?rest_route=\/wp\/v2\/users\/3"}],"replies":[{"embeddable":true,"href":"https:\/\/lahde.gtk.fi\/index.php?rest_route=%2Fwp%2Fv2%2Fcomments&post=31962"}],"version-history":[{"count":5,"href":"https:\/\/lahde.gtk.fi\/index.php?rest_route=\/wp\/v2\/posts\/31962\/revisions"}],"predecessor-version":[{"id":31971,"href":"https:\/\/lahde.gtk.fi\/index.php?rest_route=\/wp\/v2\/posts\/31962\/revisions\/31971"}],"wp:featuredmedia":[{"embeddable":true,"href":"https:\/\/lahde.gtk.fi\/index.php?rest_route=\/wp\/v2\/media\/31963"}],"wp:attachment":[{"href":"https:\/\/lahde.gtk.fi\/index.php?rest_route=%2Fwp%2Fv2%2Fmedia&parent=31962"}],"wp:term":[{"taxonomy":"category","embeddable":true,"href":"https:\/\/lahde.gtk.fi\/index.php?rest_route=%2Fwp%2Fv2%2Fcategories&post=31962"},{"taxonomy":"post_tag","embeddable":true,"href":"https:\/\/lahde.gtk.fi\/index.php?rest_route=%2Fwp%2Fv2%2Ftags&post=31962"}],"curies":[{"name":"wp","href":"https:\/\/api.w.org\/{rel}","templated":true}]}}